{"id":1294,"date":"2012-05-18T08:58:41","date_gmt":"2012-05-18T06:58:41","guid":{"rendered":"http:\/\/strubbelmiez.de\/?p=1294"},"modified":"2012-05-18T17:51:03","modified_gmt":"2012-05-18T15:51:03","slug":"wir-uben-jetzt-mal-den-ersten-ruf-nach-dem-sommer","status":"publish","type":"post","link":"http:\/\/strubbelmiez.de\/index.php\/wir-uben-jetzt-mal-den-ersten-ruf-nach-dem-sommer\/","title":{"rendered":"Wir \u00fcben jetzt mal den ersten Ruf nach dem Sommer&#8230;"},"content":{"rendered":"<p>So, die Eisheiligen h\u00e4tten wir dann schon mal \u00fcberstanden. Wei\u00df jemand, wo die jetzt sind? Ich wei\u00df es: die sitzen wieder mal bei mir und trinken mir meinen Kaffee weg. Scheinen sich bei mir wohl zu f\u00fchlen, denn irgendwie muss ich es mir ja erkl\u00e4ren, dass in meiner H\u00fctte immer noch der milde Winter herrscht. Drau\u00dfen ist es wechselhaft. Mal haben wir 1A-Wetterchen und von einem Tag auf den anderen k\u00f6nnte man sich wieder einpummeln und wie das Michelinm\u00e4nnchen herumlaufen. Kommt mir jetzt nicht mit \u201eHey, Du wirst alt!\u201c. <\/p>\n<p>Die TV-Werbung will uns jedenfalls schon mal den Sommer vormachen. Was wird beworben? Super-Deos, die bis zu 96 Stunden wirken sollen. Vielleicht sollte ich das mal an einem Wochenende testen, schlie\u00dflich muss ich da kaum unter Leute und K\u00f6rperhygiene w\u00e4re f\u00fcr den Test ja kontraproduktiv. An Di\u00e4tprogramme und Zaubermittelchen f\u00fcr den Schlankheitswahnsinn wird man eh immer erinnert. Vom Wunder-Wohlf\u00fchljogurt, Schlankheits-Shake bis zum Punktejubeln beim Kalorienz\u00e4hlen nebst Sonderprodukte, die uns h\u00f6chstens viel Geld abnehmen, gibt es ja alles M\u00f6gliche. Ich versuche einfach nur weniger Nussmischungen zu naschen, die ich am liebsten kiloweise vertilgen k\u00f6nnte. Wonach steht eigentlich der neueste Sommertrend? Ich bin da irgendwie nicht \u201eup to date\u201c, muss ich (schein-)besch\u00e4mt zugeben. Ein gro\u00dfer Teil meiner Klamotten sind etliche Jahre alt und halten auch noch &#8222;f\u00fcrchterlich&#8220; lange. <\/p>\n<p>Da der Herr P. vom Wetteramt inzwischen einen Narren an mir gefressen zu haben scheint, wom\u00f6glich, weil ich ihm doch immer so liebe Briefchen schreibe und st\u00e4ndig sch\u00f6nes Wetter beantrage, will ich mal folgendes an ihn loswerden:<\/p>\n<p><em>Sehr geehrter Herr P. und sehr geehrter Sprecher Herr K. ,<\/p>\n<p>falls Sie hier wieder mitlesen, richte ich ein paar dankende Worte an Sie. Es freut mich, dass Sie wahrscheinlich um meine Frisur besorgt sind und darum mit dem Aussch\u00fctten Ihrer Wassereimer warten, bis ich von meinen Touren zu Hause angekommen bin. Sie w\u00fcrden mich aber noch  mehr begeistern, wenn wir ein paar Tage mehr sch\u00f6nes, sonniges Wetter h\u00e4tten, damit sich meine H\u00fctte endlich miterw\u00e4rmt und ich drinnen wie drau\u00dfen etwas weniger anziehen m\u00fcsste. Au\u00dferdem hebt sonniges Wetter mit Temperaturen um 20\u00b0C meine Laune um Einiges, wovon auch meine Mitmenschen profitieren. Weiterhin w\u00fcrde ich doch gern meine erst letzten Monat erstandenen Sachen ausf\u00fchren k\u00f6nnen. Das \u201eNilpferd-in-Schlangenhaut-Spiel\u201c im Gesch\u00e4ft soll sich schlie\u00dflich gelohnt haben. Der sch\u00f6ne Sonnenschein bei versprochenen 20\u00b0C am Tage ist ja schon mal ein guter Anfang. Vielen Dank auch noch daf\u00fcr.<\/p>\n<p>Mit wahnsinnig begeisterten Gr\u00fc\u00dfen<\/p>\n<p>Siewissenschon<\/em><\/p>\n<p>So, Frage an die M\u00e4dels: was stellt man an einem solchen sch\u00f6nen Tag an? Die \u201eJungen\u00b4s\u201c hatten sich ja gestern wieder \u201eihren\u201c Tag genommen, obwohl es ein kirchlicher Feiertag war. Ich vernahm zum Gl\u00fcck kein Gegr\u00f6hle und hier im Umfeld blieb anscheinend auch alles heil.<br \/>\nIn meiner H\u00fctte hatte ich gestern mal wieder einen Rundumschlag vorgenommen und ich t\u00e4t\u00b4 jetzt gern auch die dicken Jeans weit weg r\u00e4umen und mich wieder im Sommerkleid verlaufen. An den Lachkrampf beim Anprobieren im letzten Jahr denke ich heute noch mit einem breiten Grinsen (ich verirrte mich wegen dem Innenteil darin). F\u00fcr die erste gute Laune sorgte ja schon das neue Duschgel (mal wieder Citrusfruchtduft aber *wow!\u201c) und f\u00fcr weiterhin gute Laune wird jetzt feinste Countrymusi aufgelegt. Wer nicht auf die Musikrichtung abf\u00e4hrt, der kann ja z. B. das von mir so genannte \u201eStrohp\u00fcppi-Tanz-Liedchen\u201c rauf und runter spielen. Man h\u00f6rt es auch im TV-Spot von \u201eKinder-Country\u201c (Schokolade!) und kann es sich sogar meiner Kenntnis nach auf der Webseite herunterladen (soviel zur Werbung *schnalz*) und dann raus in die Sonne, zum Beispiel zum \u201eWieder-Einlatschen\u201c der schnieken Sommerteilchen f\u00fcr die F\u00fc\u00dfchen.<\/p>\n<p>An die Jungen\u00b4s: Hat sich der Kater schon aus dem Haus geschlichen oder wurde mit diversen Mittelchen verjagt? \ud83d\ude09<\/p>\n<p>Auf in den Freitag und dann schon mal Wochenende proben. Ob ich mich schon mal \u00fcbungsweise ins Sommerkleid stecke, damit es im Sommer reibungslos ohne Verirrungen klappt? <\/p>\n<p>In diesem Sinne: Wiesen-Bl\u00fcmchen in die Haare geklemmt (passt bei mir sogar auch schon) und ab ins sch\u00f6ne Wochenende, vor allem mit fr\u00fchlingsfrischer Laune. <\/p>\n<p>Vielleicht l\u00e4sst sich der Sommer ja dann  hervorlocken.<\/p>\n<div id=\"wp_fb_like_button\" style=\"margin:5px 0;float:none;height:100px;\"><script src=\"http:\/\/connect.facebook.net\/en_US\/all.js#xfbml=1\"><\/script><fb:like href=\"http:\/\/strubbelmiez.de\/index.php\/wir-uben-jetzt-mal-den-ersten-ruf-nach-dem-sommer\/\" send=\"true\" layout=\"standard\" width=\"450\" show_faces=\"true\" font=\"arial\" action=\"like\" colorscheme=\"light\"><\/fb:like><\/div>","protected":false},"excerpt":{"rendered":"<p>So, die Eisheiligen h\u00e4tten wir dann schon mal \u00fcberstanden. Wei\u00df jemand, wo die jetzt sind? Ich wei\u00df es: die sitzen wieder mal bei mir und trinken mir meinen Kaffee weg. Scheinen sich bei mir wohl zu f\u00fchlen, denn irgendwie muss ich es mir ja erkl\u00e4ren, dass in meiner H\u00fctte immer noch der milde Winter herrscht. &hellip; <a href=\"http:\/\/strubbelmiez.de\/index.php\/wir-uben-jetzt-mal-den-ersten-ruf-nach-dem-sommer\/\" class=\"more-link\"><span class=\"screen-reader-text\">Wir \u00fcben jetzt mal den ersten Ruf nach dem Sommer&#8230;<\/span> weiterlesen <span class=\"meta-nav\">&rarr;<\/span><\/a><\/p>\n","protected":false},"author":1,"featured_media":0,"comment_status":"open","ping_status":"open","sticky":false,"template":"","format":"standard","meta":{"jetpack_post_was_ever_published":false,"_jetpack_newsletter_access":"","_jetpack_dont_email_post_to_subs":false,"_jetpack_newsletter_tier_id":0,"_jetpack_memberships_contains_paywalled_content":false,"_jetpack_memberships_contains_paid_content":false,"footnotes":"","jetpack_publicize_message":"","jetpack_publicize_feature_enabled":true,"jetpack_social_post_already_shared":false,"jetpack_social_options":{"image_generator_settings":{"template":"highway","default_image_id":0,"font":"","enabled":false},"version":2}},"categories":[1],"tags":[],"class_list":["post-1294","post","type-post","status-publish","format-standard","hentry","category-allgemein"],"jetpack_publicize_connections":[],"jetpack_featured_media_url":"","jetpack_sharing_enabled":true,"jetpack_shortlink":"https:\/\/wp.me\/p2ijNL-kS","jetpack-related-posts":[],"_links":{"self":[{"href":"http:\/\/strubbelmiez.de\/index.php\/wp-json\/wp\/v2\/posts\/1294","targetHints":{"allow":["GET"]}}],"collection":[{"href":"http:\/\/strubbelmiez.de\/index.php\/wp-json\/wp\/v2\/posts"}],"about":[{"href":"http:\/\/strubbelmiez.de\/index.php\/wp-json\/wp\/v2\/types\/post"}],"author":[{"embeddable":true,"href":"http:\/\/strubbelmiez.de\/index.php\/wp-json\/wp\/v2\/users\/1"}],"replies":[{"embeddable":true,"href":"http:\/\/strubbelmiez.de\/index.php\/wp-json\/wp\/v2\/comments?post=1294"}],"version-history":[{"count":12,"href":"http:\/\/strubbelmiez.de\/index.php\/wp-json\/wp\/v2\/posts\/1294\/revisions"}],"predecessor-version":[{"id":1306,"href":"http:\/\/strubbelmiez.de\/index.php\/wp-json\/wp\/v2\/posts\/1294\/revisions\/1306"}],"wp:attachment":[{"href":"http:\/\/strubbelmiez.de\/index.php\/wp-json\/wp\/v2\/media?parent=1294"}],"wp:term":[{"taxonomy":"category","embeddable":true,"href":"http:\/\/strubbelmiez.de\/index.php\/wp-json\/wp\/v2\/categories?post=1294"},{"taxonomy":"post_tag","embeddable":true,"href":"http:\/\/strubbelmiez.de\/index.php\/wp-json\/wp\/v2\/tags?post=1294"}],"curies":[{"name":"wp","href":"https:\/\/api.w.org\/{rel}","templated":true}]}}