{"id":1307,"date":"2012-05-24T10:59:31","date_gmt":"2012-05-24T08:59:31","guid":{"rendered":"http:\/\/strubbelmiez.de\/?p=1307"},"modified":"2012-05-25T12:36:53","modified_gmt":"2012-05-25T10:36:53","slug":"wir-uben-den-ersten-sommergenuss","status":"publish","type":"post","link":"http:\/\/strubbelmiez.de\/index.php\/wir-uben-den-ersten-sommergenuss\/","title":{"rendered":"Wir \u00fcben den ersten Sommergenuss"},"content":{"rendered":"<p>Jucheee, der Sommer scheint sich schon mal durchzuk\u00e4mpfen \u2013 ich wurde <a href=\"http:\/\/strubbelmiez.de\/?p=1294\" target=\"_blank\">&#8222;erh\u00f6rt\u201c<\/a>.<\/p>\n<p>Vorerst kommt nat\u00fcrlich die Beleuchtung der derzeitigen TV-Spots auf den Plan (ehrlich: ich krieg nix daf\u00fcr, au\u00dfer vielleicht Beschwerden&#8230;*g*).<br \/>\nNun, wo ich nun doch keinen 96-Std.-Deo-Wirkungstest veranstaltete und weiterhin die Dusche vorzog, habe ich etwas anderes entdeckt: Frau K., die Modek\u00f6nigin zeigt uns Schminktips, w\u00e4hrend sie irgendwelche Fliegenbeinchenfarbe pr\u00e4sentiert. Die gute Vera will uns immer noch etwas von der Wirkung des Supi-Jogurts gegen das Gef\u00fchl von \u201eAufgebl\u00e4htheit\u201c erz\u00e4hlen und es scheint wohl nicht zu wirken, jedenfalls nicht sichtbar, wo jetzt auch noch Fitness\u00fcbungen empfohlen werden und sie lt. ihrer gekreischten \u00dcberzeugung im Spot ja mitmachen wollte. Ein Spot ist mir noch immer fragw\u00fcrdig. Was bitte bewirkt \u201eCharakter-Futter\u201c f\u00fcr die Katz\u00b4 &#8211; wohl eher im doppelten Sinne? Wer als Katzenhalter das Zeug gef\u00fcttert hat, m\u00f6ge mir bitte mitteilen, ob die Katze nun einen anderen Charakter hat, wenn \u00fcberhaupt. Und haben wir  schon mal von \u201ehei\u00dfem Volumen\u201c geh\u00f6rt? Ich habe so gewiehert, als ich mir so bildlich ausmalte, dass sich meine Kopfflusen statt mit F\u00f6nluft dann durch das hei\u00dfe Sommerwetter pl\u00f6tzlich aufplustern w\u00fcrden *fluffff!*. Dazu br\u00e4uchte es vorher aber auch das Zeug, welches man sich im wahrsten Sinne des Wortes in die Haare schmiert. Was mich allerdings sehr schockt ist, dass unsere ehem. Eiskunstlauf-Fee (sie war die Einzige, die mich f\u00fcr Sport am TV kleben lie\u00df) nun werberei\u00dferisch mit einem &#8222;Faltenlineal&#8220; herumwedelt und auch noch von &#8222;Vertrauen und Kontrolle&#8220; redet&#8230; auweiaa&#8230;!<br \/>\nSo, Werbe-Pi\u2026- Pausenende \ud83d\ude09<\/p>\n<p>Was findet man noch so alles f\u00fcr den Sommer? Bei mir fliegen ja allerhand Kataloge ein, von der Sommermode bis zum Haushaltszeug. Auf meiner Pinnwand eines sozialen Netzwerks wurden sogar \u201eBew\u00e4sserungsringe\u201c beworben. Optisch sieht das Ganze aus, als w\u00e4ren stinknormale Kunststoff-Pflanzt\u00f6pfe samt Pflanze einfach bis auf \u00fcberragende 1- 2 cm in die Erde versenkt worden. \u00dcber dieses sicher n\u00fctzliche Teilchen lacht eine clevere Hausfrau eher, die aus alten T\u00f6pfen einfach den Boden herausschneidet und den vom Versand beworbenen Effekt erreicht. Ein weiterer Sommer-Br\u00fcller ist die \u201eneueste\u201c Schuhmode. Die \u201eBallerinas\u201c werden ja schon eine Weile als neuer Bringer im Handel pr\u00e4sentiert. Ich finde die je nach Modell auch recht neckisch. Erst neulich wollte ich mir wieder ein paar \u201eBequemlatscher\u201c kaufen. Die Auswahl ist ja immens! Aber warum erinnern mich die meisten Teile an die Gymnastik-Schuhchen aus DDR-Zeiten, au\u00dfer dass diese eben keine Schleifchen und Schnallen hatten? Schnell angezogen und einigerma\u00dfen bequem waren die ja und h\u00e4tten zu fast allem gepasst, ob nun zu Hose oder Rock und unabh\u00e4ngig der L\u00e4nge der Beinchenkleidung. Auch die \u201eEssenmarkenturnschuhe\u201c sind seit etlicher Zeit in nat\u00fcrlich etwas abgewandelter Form der Modekracher f\u00fcr die F\u00fc\u00dfe. Ich kl\u00e4re erst einmal den Begriff \u201eEssenmarkenturnschuhe\u201c auf: Diese Dinger haben ja zur meist wei\u00dfen Gummisohle auch eine solche Kappe an den Zehen und hatten damals den Gesamtbetrag des Essen- und Milchgeldes zur DDR-Schulzeit, also ca. 5 Mark. Heute kosten sie mit recht verschiedenem Design mindestens das 3-4 fache in Euro. Witzig sehen die Dinger ja aus, sind wegen der Schn\u00fcrsenkel aber unpraktisch und die Innenn\u00e4hte dr\u00fccken meist, schade! Meine Verzweiflung und das viele Durcheinandergegacker der verdammt jung\u00b4schen H\u00fchnchen, die diese Schuhe anscheinend als tats\u00e4chlich neueste Mode-Kracher halten, trieben mich jedenfalls innerlich kreischend aus dem Gesch\u00e4ft.<\/p>\n<p>\u00dcbrigens: H\u00f6rt mal in Wohnsiedlungen genau hin, wo die Badfenster sind. Sind da schon die ersten Schmerzjubler zu h\u00f6ren? Jahaaha, Wachsstreifen in verschiedener Art und auch Epellierger\u00e4te k\u00f6nnen wahre Jubelkonzerte zaubern. Vielleicht macht ja mal einer einen Hit draus (oder gibt es schon einen?). Erst neulich lachte ich \u00fcber das Wort \u201eAlf-Strumpfhose\u201c, da ich es eben noch nicht kannte, auch wenn es vielleicht ein W\u00f6rtchen mit ellenlangem Bart ist. Also M\u00e4dels und vielleicht auch Jungen\u00b4s , jubelt den Sommer weiter herbei, ob w\u00e4hrend der Haarentfernung oder \u2026 achwaswei\u00dfich\u2026 \ud83d\ude1b <\/p>\n<div id=\"wp_fb_like_button\" style=\"margin:5px 0;float:none;height:100px;\"><script src=\"http:\/\/connect.facebook.net\/en_US\/all.js#xfbml=1\"><\/script><fb:like href=\"http:\/\/strubbelmiez.de\/index.php\/wir-uben-den-ersten-sommergenuss\/\" send=\"true\" layout=\"standard\" width=\"450\" show_faces=\"true\" font=\"arial\" action=\"like\" colorscheme=\"light\"><\/fb:like><\/div>","protected":false},"excerpt":{"rendered":"<p>Jucheee, der Sommer scheint sich schon mal durchzuk\u00e4mpfen \u2013 ich wurde &#8222;erh\u00f6rt\u201c. Vorerst kommt nat\u00fcrlich die Beleuchtung der derzeitigen TV-Spots auf den Plan (ehrlich: ich krieg nix daf\u00fcr, au\u00dfer vielleicht Beschwerden&#8230;*g*). Nun, wo ich nun doch keinen 96-Std.-Deo-Wirkungstest veranstaltete und weiterhin die Dusche vorzog, habe ich etwas anderes entdeckt: Frau K., die Modek\u00f6nigin zeigt uns &hellip; <a href=\"http:\/\/strubbelmiez.de\/index.php\/wir-uben-den-ersten-sommergenuss\/\" class=\"more-link\"><span class=\"screen-reader-text\">Wir \u00fcben den ersten Sommergenuss<\/span> weiterlesen <span class=\"meta-nav\">&rarr;<\/span><\/a><\/p>\n","protected":false},"author":1,"featured_media":0,"comment_status":"open","ping_status":"open","sticky":false,"template":"","format":"standard","meta":{"jetpack_post_was_ever_published":false,"_jetpack_newsletter_access":"","_jetpack_dont_email_post_to_subs":false,"_jetpack_newsletter_tier_id":0,"_jetpack_memberships_contains_paywalled_content":false,"_jetpack_memberships_contains_paid_content":false,"footnotes":"","jetpack_publicize_message":"","jetpack_publicize_feature_enabled":true,"jetpack_social_post_already_shared":false,"jetpack_social_options":{"image_generator_settings":{"template":"highway","default_image_id":0,"font":"","enabled":false},"version":2}},"categories":[1],"tags":[],"class_list":["post-1307","post","type-post","status-publish","format-standard","hentry","category-allgemein"],"jetpack_publicize_connections":[],"jetpack_featured_media_url":"","jetpack_sharing_enabled":true,"jetpack_shortlink":"https:\/\/wp.me\/p2ijNL-l5","jetpack-related-posts":[],"_links":{"self":[{"href":"http:\/\/strubbelmiez.de\/index.php\/wp-json\/wp\/v2\/posts\/1307","targetHints":{"allow":["GET"]}}],"collection":[{"href":"http:\/\/strubbelmiez.de\/index.php\/wp-json\/wp\/v2\/posts"}],"about":[{"href":"http:\/\/strubbelmiez.de\/index.php\/wp-json\/wp\/v2\/types\/post"}],"author":[{"embeddable":true,"href":"http:\/\/strubbelmiez.de\/index.php\/wp-json\/wp\/v2\/users\/1"}],"replies":[{"embeddable":true,"href":"http:\/\/strubbelmiez.de\/index.php\/wp-json\/wp\/v2\/comments?post=1307"}],"version-history":[{"count":14,"href":"http:\/\/strubbelmiez.de\/index.php\/wp-json\/wp\/v2\/posts\/1307\/revisions"}],"predecessor-version":[{"id":1322,"href":"http:\/\/strubbelmiez.de\/index.php\/wp-json\/wp\/v2\/posts\/1307\/revisions\/1322"}],"wp:attachment":[{"href":"http:\/\/strubbelmiez.de\/index.php\/wp-json\/wp\/v2\/media?parent=1307"}],"wp:term":[{"taxonomy":"category","embeddable":true,"href":"http:\/\/strubbelmiez.de\/index.php\/wp-json\/wp\/v2\/categories?post=1307"},{"taxonomy":"post_tag","embeddable":true,"href":"http:\/\/strubbelmiez.de\/index.php\/wp-json\/wp\/v2\/tags?post=1307"}],"curies":[{"name":"wp","href":"https:\/\/api.w.org\/{rel}","templated":true}]}}