{"id":1757,"date":"2012-08-07T13:41:59","date_gmt":"2012-08-07T11:41:59","guid":{"rendered":"http:\/\/strubbelmiez.de\/?p=1757"},"modified":"2012-08-15T11:30:32","modified_gmt":"2012-08-15T09:30:32","slug":"wir-uben-mal-ein-paar-stirnchenklatschermeldungen","status":"publish","type":"post","link":"http:\/\/strubbelmiez.de\/index.php\/wir-uben-mal-ein-paar-stirnchenklatschermeldungen\/","title":{"rendered":"Wir \u00fcben mal ein paar Stirnchenklatschermeldungen &#8230;"},"content":{"rendered":"<p>Es gibt schon <a href=\"http:\/\/strubbelmiez.de\/?p=1605\" target=\"_blank\">Meldungen<\/a>, wo man nicht nur an <a href=\"http:\/\/strubbelmiez.de\/?p=1689\" target=\"_blank\">\u201eSommerloch\u201c<\/a> denkt, sondern eher an den goldenen <a href=\"http:\/\/strubbelmiez.de\/?p=1579\" target=\"_blank\">Stirnchenklatscher<\/a> (Silber und Bronze nicht vergessen\u2026). Mein Blick in die Zeitungen, soziale Netzwerke und andere Plattformen hat mich wieder dankbar niederknien lassen, dass meine Aug\u00e4pfel angewachsen sind. Welchen Beitrag ich wie k\u00fcren w\u00fcrde, lasse ich offen. Wenn es eine solche &#8222;Auszeichnung&#8220; noch nicht geben sollte, w\u00fcrde ich sie dann glatt einf\u00fchren. Die Platzierung \u00fcberlasse ich lieber den Lesern. Es k\u00f6nnen aber nur 3 \u201egewinnen\u201c \ud83d\ude09 (f\u00fcr manche Personengruppen extra: z. B. die Neffen vom Donald Duck sind 3 oder auch die \u201eDrei von der Tankstelle\u201c)<\/p>\n<p>Es geht los, stellt Eure Getr\u00e4nke besser sicher irgendwo hin:<\/p>\n<p>Letztens war bei einer regionalen Tageszeitung von einem (festhalten!) <em>\u201eWeltmittelfingertag\u201c<\/em> die Rede. Mit dieser Meldung auf der Pinnwand des sozialen Netzwerkes kam dann auch die Frage hintendran, wem die Leser bzw. Fans (ist ja nicht unbedingt das Gleiche) gern den Mittelfinger zeigen w\u00fcrden. Passend dazu fand ich ein Bildchen auf derselben Plattform (aber nicht der Zeitung) mit dem Spruch <em>\u201eEs gibt Tage, an denen mein Mittelfinger alle Fragen beantwortet!\u201c<\/em> Allerdings k\u00f6nnte ich die Frage der regionalen Tageszeitung t\u00e4glich anders beantworten, aber ich lasse es mal. <\/p>\n<p>Und wenn man, ob als Betroffener oder nicht, in die Stellenanzeigen schaut, k\u00f6nnte man \u00fcber so manche Einblendungen herrlich lachen. <em>\u201e[Ortsname] T\u00e4glich > 10.000 neue Jobs: Jetzt in Echtzeit suchen!\u201c<\/em> Wow, in Echtzeit und das im Internet! Und in einer Gegend, wo es nur so \u201ebrummt\u201c!. Ich bin verbl\u00fcfft, verz\u00fcckt und ja\u2026 fast zu Tode lachkrampfgesch\u00fcttelt. Eigentlich ist das Thema selbst mehr als traurig, denn es ist mehr ein \u201eStellenhandel\u201c, der in den letzten Jahren so betrieben wird. Hier geht z. B. eine Nominierung meinerseits f\u00fcr einen Stirnchenklatscher an die hierf\u00fcr Verantwortlichen.<\/p>\n<p>Und wenn wir so sch\u00f6n in den politischen Bereich rutschen, musste ich schon \u00fcber folgende Meldung vom regionalen Radiosender lachen. H\u00e4tte ich diese Nachricht verlesen m\u00fcssen, h\u00e4tte ich es nicht ohne Japserei auf die Reihe bekommen. Es wurde also gemeldet, dass bei einer Partei noch etliche Mitgliedsbeitr\u00e4ge ausstehen w\u00fcrden. Man halte sich also vor Augen, dass sie dann und wann zur Wahl stehen und um das Vertrauen in Form von Stimmen werben wollen. Dass immer irgendwo Mitgliedsbeitr\u00e4ge, ob Parteien, Vereine etc. unp\u00fcnktlich oder gar nicht gezahlt werden, ist klar. Aber bei dem Ausma\u00df, welches es zu einer Nachrichtenmeldung schafft, kriegt man schon gro\u00dfe Augen und fragt sich, wie es denn bei \u00dcbernahme von anderer Verantwortung st\u00fcnde. \u00c4rgerlich ist es nat\u00fcrlich f\u00fcr die, die ihrer Verpflichtung nachkommen, dazu noch wirklich engagiert sind und praktisch in diese \u201eSippenhaft\u201c geraten. Der olympische Gedanke: <em>\u201eDabei sein ist alles\u201c<\/em> ist nicht immer das einzig Wahre, liebe S\u00e4umige einer Partei mit dem orangefarbenen Winkelement \ud83d\ude09<\/p>\n<p>Fast dazu passend dazu las ich in einer s\u00e4chsischen Tageszeitung die Meldung, dass der Bierabsatz wohl gesunken sei. F\u00fcr den im Artikel genannten Brauerbund waren das Wetter und die Preisspannen- und Entwicklungen hierf\u00fcr verantwortlich. Im Artikel wird auch die Demografie auseinander genommen, die nun den Bierabsatz beeinflussen w\u00fcrde. Es hei\u00dft mit optischer Hervorhebung sogar, dass die <em>\u201eAlten\u201c<\/em> mehr getrunken h\u00e4tten. Genauer beschrieben wurde sinngem\u00e4\u00df, dass junge Menschen durch die geringeren Geburtenraten folglich rarer w\u00e4ren als fr\u00fcher und weniger Bier als ihre Eltern trinken w\u00fcrden. Aufgrund des demografischen Wandels macht sich die Gesellschaft f\u00fcr Konsumforschung wohl sogar weniger Hoffnung auf gute Inlandsabs\u00e4tze. Wenn ich das Ganze richtig verstanden (und sinngem\u00e4\u00df wiedergegeben) habe, erschreckt es mich ein schon. Sollen die Jugendlichen also mehr zum Bier- und Biermixkonsum bewegt werden, als man ohnehin schon beobachten muss? Der Einzelhandel klagt lt. Artikel jedenfalls weniger \u00fcber Einbu\u00dfen. Klar, f\u00fcr Biertrinker findet sich eben immer ein Grund oder Anlass, sich das eine oder andere \u201eSixpack\u201c oder ganze K\u00e4sten zu g\u00f6nnen. Und dass nicht permanent Fu\u00dfball-Tamtam und das damit verbundene \u201ePublic Viewing\u201c (Jungejunge, dieses Wort!) statt finden kann, d\u00fcrfte klar sein und hoffentlich so einigerma\u00dfen ma\u00dfvoll bleiben. In diesem Sinne *Prost* liebe Klagende und in der Hoffnung, dass man wegen Absatzgeschichten nicht noch das Jugendschutzgesetz lockert oder gar noch wegfallen l\u00e4sst. <\/p>\n<p>Die Welt ist sch\u00f6n und voller reizvoller Stirnchenklatschermomente (f\u00fcr Scrabblespieler), jawohl! \ud83d\ude09 Prost Kaffee, damit wenigstens hier kein Absatzr\u00fcckgang beklagt wird. F\u00fcr den Pott Kaffee gibt\u00b4s halt auch immer h\u00fcbsche Gr\u00fcnde und Anl\u00e4sse.<\/p>\n<div id=\"wp_fb_like_button\" style=\"margin:5px 0;float:none;height:100px;\"><script src=\"http:\/\/connect.facebook.net\/en_US\/all.js#xfbml=1\"><\/script><fb:like href=\"http:\/\/strubbelmiez.de\/index.php\/wir-uben-mal-ein-paar-stirnchenklatschermeldungen\/\" send=\"true\" layout=\"standard\" width=\"450\" show_faces=\"true\" font=\"arial\" action=\"like\" colorscheme=\"light\"><\/fb:like><\/div>","protected":false},"excerpt":{"rendered":"<p>Es gibt schon Meldungen, wo man nicht nur an \u201eSommerloch\u201c denkt, sondern eher an den goldenen Stirnchenklatscher (Silber und Bronze nicht vergessen\u2026). Mein Blick in die Zeitungen, soziale Netzwerke und andere Plattformen hat mich wieder dankbar niederknien lassen, dass meine Aug\u00e4pfel angewachsen sind. Welchen Beitrag ich wie k\u00fcren w\u00fcrde, lasse ich offen. Wenn es eine &hellip; <a href=\"http:\/\/strubbelmiez.de\/index.php\/wir-uben-mal-ein-paar-stirnchenklatschermeldungen\/\" class=\"more-link\"><span class=\"screen-reader-text\">Wir \u00fcben mal ein paar Stirnchenklatschermeldungen &#8230;<\/span> weiterlesen <span class=\"meta-nav\">&rarr;<\/span><\/a><\/p>\n","protected":false},"author":1,"featured_media":0,"comment_status":"open","ping_status":"open","sticky":false,"template":"","format":"standard","meta":{"jetpack_post_was_ever_published":false,"_jetpack_newsletter_access":"","_jetpack_dont_email_post_to_subs":false,"_jetpack_newsletter_tier_id":0,"_jetpack_memberships_contains_paywalled_content":false,"_jetpack_memberships_contains_paid_content":false,"footnotes":"","jetpack_publicize_message":"","jetpack_publicize_feature_enabled":true,"jetpack_social_post_already_shared":false,"jetpack_social_options":{"image_generator_settings":{"template":"highway","default_image_id":0,"font":"","enabled":false},"version":2}},"categories":[1],"tags":[63,82,74,78,77,76,79,75,67,65,72,66,81,26,64,62,80,70,71,69,68,182,47],"class_list":["post-1757","post","type-post","status-publish","format-standard","hentry","category-allgemein","tag-weltmittelfingertag","tag-absatzruckgang","tag-bierabsatz","tag-biertrinker","tag-einbusen","tag-einzelhandel","tag-jugendschutzgesetz","tag-konsumforschung","tag-mitgliedsbeitrage","tag-nominierung","tag-olympischer-gedanke","tag-partei","tag-scrabblespieler","tag-sommerloch","tag-stellenanzeigen","tag-stirnchenklatscher","tag-stirnchenklatschermomente","tag-verantwortung","tag-verpflichtung","tag-vertrauen","tag-wahl","tag-winkelement","tag-zeitungen"],"jetpack_publicize_connections":[],"jetpack_featured_media_url":"","jetpack_sharing_enabled":true,"jetpack_shortlink":"https:\/\/wp.me\/p2ijNL-sl","jetpack-related-posts":[],"_links":{"self":[{"href":"http:\/\/strubbelmiez.de\/index.php\/wp-json\/wp\/v2\/posts\/1757","targetHints":{"allow":["GET"]}}],"collection":[{"href":"http:\/\/strubbelmiez.de\/index.php\/wp-json\/wp\/v2\/posts"}],"about":[{"href":"http:\/\/strubbelmiez.de\/index.php\/wp-json\/wp\/v2\/types\/post"}],"author":[{"embeddable":true,"href":"http:\/\/strubbelmiez.de\/index.php\/wp-json\/wp\/v2\/users\/1"}],"replies":[{"embeddable":true,"href":"http:\/\/strubbelmiez.de\/index.php\/wp-json\/wp\/v2\/comments?post=1757"}],"version-history":[{"count":11,"href":"http:\/\/strubbelmiez.de\/index.php\/wp-json\/wp\/v2\/posts\/1757\/revisions"}],"predecessor-version":[{"id":1798,"href":"http:\/\/strubbelmiez.de\/index.php\/wp-json\/wp\/v2\/posts\/1757\/revisions\/1798"}],"wp:attachment":[{"href":"http:\/\/strubbelmiez.de\/index.php\/wp-json\/wp\/v2\/media?parent=1757"}],"wp:term":[{"taxonomy":"category","embeddable":true,"href":"http:\/\/strubbelmiez.de\/index.php\/wp-json\/wp\/v2\/categories?post=1757"},{"taxonomy":"post_tag","embeddable":true,"href":"http:\/\/strubbelmiez.de\/index.php\/wp-json\/wp\/v2\/tags?post=1757"}],"curies":[{"name":"wp","href":"https:\/\/api.w.org\/{rel}","templated":true}]}}