{"id":227,"date":"2011-09-01T00:01:56","date_gmt":"2011-09-01T00:01:56","guid":{"rendered":"http:\/\/strubbelmiez.de\/wordpress\/?p=227"},"modified":"2013-06-18T14:26:27","modified_gmt":"2013-06-18T12:26:27","slug":"september-wir-uben-herbst","status":"publish","type":"post","link":"http:\/\/strubbelmiez.de\/index.php\/september-wir-uben-herbst\/","title":{"rendered":"September &#8211; Wir \u00fcben Herbst"},"content":{"rendered":"<p>Puh, der Sommer war ja nichts \u2013 zumindest nicht doll. Gerade mal f\u00fcr ein paar Tage lohnte es sich, die Sommermode im Schrank hervorzuziehen. Wie k\u00f6nnte eigentlich ein &nbsp;Briefwechsel mit dem Personal der&nbsp; &#8222;Wetterverwaltung&#8220; \u00fcber den Wolken lauten? \ud83d\ude09 Etwa so?<\/p>\n<p><em>Sehr geehrter Herr P.,<\/em><\/p>\n<p><em>aufgrund des Anspruchs auf Sch\u00f6nwetter im Sommer fordere ich die mir zustehenden Temperaturen zwischen 25\u00b0C bis 30\u00b0C pro Tag. Zu meiner Lebensqualit\u00e4t geh\u00f6rt das verzweifelte W\u00fchlen in meinem Kleiderschrank, um die buntesten T-Shirts etc. f\u00fcr den Tag zu finden, in der Sonne zu picknicken und mir etwas gesunde Sonnenbr\u00e4une zuzulegen. <\/em><\/p>\n<p><em>Diesen Anspruch haben Sie nur ungen\u00fcgend erf\u00fcllt und setzt Sie somit in Verzug. Ich fordere Sie hiermit auf, die noch zustehenden Temperaturen bis zum 23. September zukommen zu lassen.<\/em><\/p>\n<p><em>Mit noch freundlichen Gr\u00fc\u00dfen<\/em><\/p>\n<p><em>X. Ypsilon<\/em><\/p>\n<p>Antwort:<\/p>\n<p><em>Sehr geehrte Frau X.Y,<\/em><\/p>\n<p><em>Ihrer Forderung auf Dauersommer k\u00f6nnen wir nicht nachkommen. <\/em><\/p>\n<p><em>Begr\u00fcndung unserer Ablehnung ist, dass auch leider bei uns erhebliche Einsparungen vorgenommen werden m\u00fcssen. Selbst unsere Hotline kann ihrem Namen kaum noch gerecht werden. Mit dem Blick, den wir seit vielen Jahren auf die Erde haben, erkannten wir, dass sich Misswirtschaft durchaus lohnen kann und verpulverten die hohen Temperaturen bereits im letzten Sommer. Wir haben uns also entschlossen, es den verschiedenen irdischen Ebenen gleichzutun. <\/em><\/p>\n<p><em>Da wir mit Entz\u00fccken beobachten konnten, wie Sie als Erdenb\u00fcrger st\u00e4ndig bei Laune gehalten werden sollen, bieten wir Ihnen zum Ausgleich einen milden Winter an. Wir k\u00f6nnen zwar nicht daf\u00fcr garantieren, aber daran d\u00fcrften Sie sich bereits gew\u00f6hnt haben.<\/em><\/p>\n<p><em>Wir tun unser Bestes und bem\u00fchen uns um zufrieden stellende Erf\u00fcllung Ihrer Anspr\u00fcche.<\/em><\/p>\n<p><em>Zu guter Letzt d\u00fcrfen wir Sie auf unser Sonderangebot aufmerksam machen, da auch wir auf Einnahmen angewiesen sind, dieses aber sonst gern auf die sozialromantische Schiene um jeden Preis als freiwillige Leistung vermarkten.<\/em><\/p>\n<p><em>Es w\u00e4re ein Kurz-Abo auf Sch\u00e4fchenwolken und etwas Sonne. Sie verzeihen uns sicher, dass eine weitere Inanspruchnahme mit h\u00f6herem Aufwand und Kosten verbunden sind. Als freundlichen und durchaus kompetenten Wettervertreter werden wir Herrn K. kontaktieren und bei seiner Zusage einen Termin mit Ihnen vereinbaren.<\/em><\/p>\n<p><em>Lassen Sie uns bitte umgehend wissen, ob Sie unser Angebot annehmen. <\/em><\/p>\n<p><em>Mit wahnsinnig&nbsp; freundlichen Gr\u00fc\u00dfen<\/em><\/p>\n<p><em>Ihr Lieblingsamt<\/em><\/p>\n<div id=\"wp_fb_like_button\" style=\"margin:5px 0;float:none;height:100px;\"><script src=\"http:\/\/connect.facebook.net\/en_US\/all.js#xfbml=1\"><\/script><fb:like href=\"http:\/\/strubbelmiez.de\/index.php\/september-wir-uben-herbst\/\" send=\"true\" layout=\"standard\" width=\"450\" show_faces=\"true\" font=\"arial\" action=\"like\" colorscheme=\"light\"><\/fb:like><\/div>","protected":false},"excerpt":{"rendered":"<p>Puh, der Sommer war ja nichts \u2013 zumindest nicht doll. Gerade mal f\u00fcr ein paar Tage lohnte es sich, die Sommermode im Schrank hervorzuziehen. Wie k\u00f6nnte eigentlich ein &nbsp;Briefwechsel mit dem Personal der&nbsp; &#8222;Wetterverwaltung&#8220; \u00fcber den Wolken lauten? \ud83d\ude09 Etwa so? Sehr geehrter Herr P., aufgrund des Anspruchs auf Sch\u00f6nwetter im Sommer fordere ich die &hellip; <a href=\"http:\/\/strubbelmiez.de\/index.php\/september-wir-uben-herbst\/\" class=\"more-link\"><span class=\"screen-reader-text\">September &#8211; Wir \u00fcben Herbst<\/span> weiterlesen <span class=\"meta-nav\">&rarr;<\/span><\/a><\/p>\n","protected":false},"author":1,"featured_media":0,"comment_status":"open","ping_status":"open","sticky":false,"template":"","format":"standard","meta":{"jetpack_post_was_ever_published":false,"_jetpack_newsletter_access":"","_jetpack_dont_email_post_to_subs":false,"_jetpack_newsletter_tier_id":0,"_jetpack_memberships_contains_paywalled_content":false,"_jetpack_memberships_contains_paid_content":false,"footnotes":"","jetpack_publicize_message":"","jetpack_publicize_feature_enabled":true,"jetpack_social_post_already_shared":false,"jetpack_social_options":{"image_generator_settings":{"template":"highway","default_image_id":0,"font":"","enabled":false},"version":2}},"categories":[1],"tags":[],"class_list":["post-227","post","type-post","status-publish","format-standard","hentry","category-allgemein"],"jetpack_publicize_connections":[],"jetpack_featured_media_url":"","jetpack_sharing_enabled":true,"jetpack_shortlink":"https:\/\/wp.me\/p2ijNL-3F","jetpack-related-posts":[],"_links":{"self":[{"href":"http:\/\/strubbelmiez.de\/index.php\/wp-json\/wp\/v2\/posts\/227","targetHints":{"allow":["GET"]}}],"collection":[{"href":"http:\/\/strubbelmiez.de\/index.php\/wp-json\/wp\/v2\/posts"}],"about":[{"href":"http:\/\/strubbelmiez.de\/index.php\/wp-json\/wp\/v2\/types\/post"}],"author":[{"embeddable":true,"href":"http:\/\/strubbelmiez.de\/index.php\/wp-json\/wp\/v2\/users\/1"}],"replies":[{"embeddable":true,"href":"http:\/\/strubbelmiez.de\/index.php\/wp-json\/wp\/v2\/comments?post=227"}],"version-history":[{"count":14,"href":"http:\/\/strubbelmiez.de\/index.php\/wp-json\/wp\/v2\/posts\/227\/revisions"}],"predecessor-version":[{"id":2552,"href":"http:\/\/strubbelmiez.de\/index.php\/wp-json\/wp\/v2\/posts\/227\/revisions\/2552"}],"wp:attachment":[{"href":"http:\/\/strubbelmiez.de\/index.php\/wp-json\/wp\/v2\/media?parent=227"}],"wp:term":[{"taxonomy":"category","embeddable":true,"href":"http:\/\/strubbelmiez.de\/index.php\/wp-json\/wp\/v2\/categories?post=227"},{"taxonomy":"post_tag","embeddable":true,"href":"http:\/\/strubbelmiez.de\/index.php\/wp-json\/wp\/v2\/tags?post=227"}],"curies":[{"name":"wp","href":"https:\/\/api.w.org\/{rel}","templated":true}]}}