{"id":3470,"date":"2020-08-17T11:40:27","date_gmt":"2020-08-17T09:40:27","guid":{"rendered":"http:\/\/strubbelmiez.de\/?p=3470"},"modified":"2020-08-17T11:40:27","modified_gmt":"2020-08-17T09:40:27","slug":"wechselhaft-ich-komme-nicht-mehr-mit","status":"publish","type":"post","link":"http:\/\/strubbelmiez.de\/index.php\/wechselhaft-ich-komme-nicht-mehr-mit\/","title":{"rendered":"Wechselhaft, ich komme nicht mehr mit &#8230;"},"content":{"rendered":"\n<p><strong>So, jetzt wo es mit dem Sommer einigerma\u00dfen klappt, <\/strong>wird nat\u00fcrlich die Sonne genutzt. Wiese, Buch, Ges\u00f6ff \ud83d\ude42 Bei Regen, nunja\u2026 Bude halt.<\/p>\n\n\n\n<p><strong>In \u00f6ffentlichen Verkehrsmitteln erlebt man ja Einiges,<\/strong> von <em>\u201eb\u00e4h\u201c<\/em> bis <em>\u201ehuch\u201c<\/em>: neben den ganzen kreischenden Kleinkindern und deren Handy daddelnden Elternteilen ersp\u00e4ht man auch mal ein kleines Wunder. Ein Typ, f\u00fcr meine Begriffe etwas sehr auff\u00e4llig gekleidet steht und liest. Er LIEST ! Vielmehr als auf seine Bekleidung zieht er meinen Blick auf sein Buch. Da ich zum Aussteigen eh in seine Richtung musste, guckte ich doch mal etwas genauer hin. Mir fiel n\u00e4mlich eine mir bekannte Karikatur auf dem Buchumschlag auf. Ephraim Kishon! Juchuuuuuuuuuuuuuuuu ! Nat\u00fcrlich habe ich meine Mimik selten im Griff und musste schmunzeln, zeigte meinen Daumen hoch und stieg aus. Diese offenbar leider aussterbende Leserschaft m\u00fcsste man eigentlich einfangen und einfrieren \ud83d\ude06 . Fragt im Umfeld mal, wer noch \u00fcberhaupt B\u00fccher liest, egal in welcher Form \ud83d\ude2f und sollte doch jemand nicken, fragt ihn nach Kishon. Selten nickt da jemand. Ja, so \u201eeinfach\u201c bin ich zu beeindrucken. Allerdings wird er mich f\u00fcr irre halten \ud83d\ude06 . Ok, ich bin irre.<\/p>\n\n\n\n<p><strong>Wenn man ganz oben wohnt,<\/strong> auch wenn der Dachboden noch \u00fcber einem ist, sind es locker 30 Grad in der H\u00fctte und 40 Grad auf dem Dachboden, da \u00e4chze sogar ich \ud83d\ude06 . Man r\u00fcstet und probiert, experimentiert, wie man sein <em>\u201eSmart Home\u201c<\/em> dazu bewegt, ab 23 Grad den Ventilator zu aktivieren. Deutschland ist auch in dieser Hinsicht sehr r\u00fcckst\u00e4ndig, ist noch nicht freigegeben, dass der Echo Plus ausl\u00f6st *Shit!\u201c. Liebe Entwickler etc bei Amazon, auch in Deutschland ist es sehr warm, bitte macht hinne !<\/p>\n\n\n\n<p>F\u00fcr die regelm\u00e4\u00dfige F\u00fctterung des Verbraucherherzchens gibts nat\u00fcrlich wie gewohnt den <strong>Werbeblock:<\/strong> Die gro\u00dfe Drogeriekette wirbt ja echt putzig, indem man ein bisschen den Alltag zeigt. Irgendwie ist es ja wie beim schwedischen M\u00f6belhaus: <em>\u201eIch brauche nur&#8230;\u201c<\/em>, und an der Kasse t\u00f6nt es dann: <em>\u201edas macht 90,98 \u20ac bitte\u201c<\/em> \ud83d\ude2f . Apropos Einrichtung: es gibt jetzt <em>\u201eStreichpreise\u201c<\/em>. Da der Duden jetzt ohnehin verschlimmbessert wird, wird man es sicherlich auch bald darin finden. Das wird aber nur sehr wenigen Leuten auffallen *h\u00fcstel. Der gro\u00dfe Onlineversender haut jetzt wieder ordentlich Angebote raus, die jetzt auch noch durch \u201eTrade in\u201c (googelt selbst \ud83d\ude42 ) erg\u00e4nzt werden. Ob sich das tats\u00e4chlich lohnt, kann ich nicht beurteilen, aber H\u00f6rb\u00fccher werden wohl h\u00f6chstens dabei rauskommen. Wer eh kaufen will und \u00e4ltere, aber funktionst\u00fcchtige Ger\u00e4te hat, wird sicher zugreifen.<\/p>\n\n\n\n<p><strong>In diesem Sinne: <\/strong>Nutzt Sonne wie auch Regen aus, nehmt Euch die \u201eme time\u201c, die Ihr braucht, schmunzelt ruhig \u00fcber so manche Begegnung \u2026<\/p>\n\n\n\n<p><strong>Prost Biermixges\u00f6ff f\u00fcr Weiber \ud83d\ude42<\/strong><\/p>\n<div id=\"wp_fb_like_button\" style=\"margin:5px 0;float:none;height:100px;\"><script src=\"http:\/\/connect.facebook.net\/en_US\/all.js#xfbml=1\"><\/script><fb:like href=\"http:\/\/strubbelmiez.de\/index.php\/wechselhaft-ich-komme-nicht-mehr-mit\/\" send=\"true\" layout=\"standard\" width=\"450\" show_faces=\"true\" font=\"arial\" action=\"like\" colorscheme=\"light\"><\/fb:like><\/div>","protected":false},"excerpt":{"rendered":"<p>So, jetzt wo es mit dem Sommer einigerma\u00dfen klappt, wird nat\u00fcrlich die Sonne genutzt. Wiese, Buch, Ges\u00f6ff \ud83d\ude42 Bei Regen, nunja\u2026 Bude halt. In \u00f6ffentlichen Verkehrsmitteln erlebt man ja Einiges, von \u201eb\u00e4h\u201c bis \u201ehuch\u201c: neben den ganzen kreischenden Kleinkindern und deren Handy daddelnden Elternteilen ersp\u00e4ht man auch mal ein kleines Wunder. Ein Typ, f\u00fcr meine &hellip; <a href=\"http:\/\/strubbelmiez.de\/index.php\/wechselhaft-ich-komme-nicht-mehr-mit\/\" class=\"more-link\"><span class=\"screen-reader-text\">Wechselhaft, ich komme nicht mehr mit &#8230;<\/span> weiterlesen <span class=\"meta-nav\">&rarr;<\/span><\/a><\/p>\n","protected":false},"author":1,"featured_media":0,"comment_status":"open","ping_status":"open","sticky":false,"template":"","format":"standard","meta":{"jetpack_post_was_ever_published":false,"_jetpack_newsletter_access":"","_jetpack_dont_email_post_to_subs":false,"_jetpack_newsletter_tier_id":0,"_jetpack_memberships_contains_paywalled_content":false,"_jetpack_memberships_contains_paid_content":false,"footnotes":"","jetpack_publicize_message":"","jetpack_publicize_feature_enabled":true,"jetpack_social_post_already_shared":true,"jetpack_social_options":{"image_generator_settings":{"template":"highway","default_image_id":0,"font":"","enabled":false},"version":2}},"categories":[1],"tags":[],"class_list":["post-3470","post","type-post","status-publish","format-standard","hentry","category-allgemein"],"jetpack_publicize_connections":[],"jetpack_featured_media_url":"","jetpack_sharing_enabled":true,"jetpack_shortlink":"https:\/\/wp.me\/p2ijNL-TY","jetpack-related-posts":[],"_links":{"self":[{"href":"http:\/\/strubbelmiez.de\/index.php\/wp-json\/wp\/v2\/posts\/3470","targetHints":{"allow":["GET"]}}],"collection":[{"href":"http:\/\/strubbelmiez.de\/index.php\/wp-json\/wp\/v2\/posts"}],"about":[{"href":"http:\/\/strubbelmiez.de\/index.php\/wp-json\/wp\/v2\/types\/post"}],"author":[{"embeddable":true,"href":"http:\/\/strubbelmiez.de\/index.php\/wp-json\/wp\/v2\/users\/1"}],"replies":[{"embeddable":true,"href":"http:\/\/strubbelmiez.de\/index.php\/wp-json\/wp\/v2\/comments?post=3470"}],"version-history":[{"count":1,"href":"http:\/\/strubbelmiez.de\/index.php\/wp-json\/wp\/v2\/posts\/3470\/revisions"}],"predecessor-version":[{"id":3471,"href":"http:\/\/strubbelmiez.de\/index.php\/wp-json\/wp\/v2\/posts\/3470\/revisions\/3471"}],"wp:attachment":[{"href":"http:\/\/strubbelmiez.de\/index.php\/wp-json\/wp\/v2\/media?parent=3470"}],"wp:term":[{"taxonomy":"category","embeddable":true,"href":"http:\/\/strubbelmiez.de\/index.php\/wp-json\/wp\/v2\/categories?post=3470"},{"taxonomy":"post_tag","embeddable":true,"href":"http:\/\/strubbelmiez.de\/index.php\/wp-json\/wp\/v2\/tags?post=3470"}],"curies":[{"name":"wp","href":"https:\/\/api.w.org\/{rel}","templated":true}]}}