{"id":3678,"date":"2025-08-01T21:01:00","date_gmt":"2025-08-01T19:01:00","guid":{"rendered":"http:\/\/strubbelmiez.de\/?p=3678"},"modified":"2025-08-08T21:04:36","modified_gmt":"2025-08-08T19:04:36","slug":"ist-es-fruehling-sommer-herbst-zumindest-noch-kein-winter","status":"publish","type":"post","link":"http:\/\/strubbelmiez.de\/index.php\/ist-es-fruehling-sommer-herbst-zumindest-noch-kein-winter\/","title":{"rendered":"Ist es Fr\u00fchling,   Sommer , Herbst&#8230;? Zumindest noch kein Winter &#8230;"},"content":{"rendered":"\n<p><strong>Himmel, wir haben schon August ! <\/strong>Hatten wir eigentlich schon Sommer? Naja, ein bisschen. Aber sei es drum. So kurz vor Weihnachten, \u2026 *hust\u2026 \ud83d\ude06 .<\/p>\n\n\n\n<p>Also, wenn die Trulla hinter der Tastatur nicht schlafen kann, lauscht sie eigentlich die schnulzigsten Liebesromane, weil man da eh nichts verpasst. Oder die kommt wieder auf die bl\u00f6desten Ideen und muss sich im Bette noch mal zum Handy drehen, um Notizen festzuhalten. Und wehe, die guckt bei Tik tok rein, uff ! Dann sitzt man fest\u2026<\/p>\n\n\n\n<p>Ich habe auf Tik tok und co viel mehr Austausch und auch Empathie erlebt als im realen Leben, eigentlich gruselig, oder? Sollte normalerweise andersrum sein, aber ich bin dankbar, dass es da drau\u00dfen doch noch Menschen gibt, die mich verstehen k\u00f6nnen.<\/p>\n\n\n\n<p>Hin und wieder rollt mir wegen des Verlusts von Stan und Olli noch eine Tr\u00e4ne herunter, aber ich habe mich einigerma\u00dfen gefangen und beim Entr\u00fcmpeln sieht eh kein Mensch etwas. Traurig, dass man das verstecken muss.<\/p>\n\n\n\n<p><strong>Kommen wir zu sch\u00f6neren Themen:<\/strong> Der Sommer ist zwar eher&#8230;\u00e4h Fr\u00fchjahr oder verfr\u00fchter Herbst, aber ich habe zumindest schon mal den Balkon ein wenig umgestaltet und mehr Luft und Licht reingebracht, wie man so sch\u00f6n sagt. Voll wirkt er immer noch, aber sei es drum, es ist f\u00fcr mich halt Nutzfl\u00e4che, weil ich keinen Garten habe. Hier freuen sich Singv\u00f6gel und Wespen \u00fcber Nahrung und Wasser und es ist sch\u00f6n, anzusehen, wenn hier ein Geflatter ist und die Lage \u201egecheckt\u201c wird, ob die Olle nu endlich rein geht, damit das Futter geholt werden kann \ud83d\ude06 .<\/p>\n\n\n\n<p>Und da es sogar schon mir gefehlt hat, gibts nat\u00fcrlich wieder den gewohnten <strong>Werbeblock: <\/strong>Wir haben ja zumindest kalendarischen Sommer, richtig? Und als w\u00fcrden die Kinder und Jugendlichen nicht genug vor Glotzen und Konsolen hocken, wirbt man f\u00fcr eine Kinderseite, in der es wohl Serien und Co gibt. Kindgerecht ist ja sch\u00f6n und gut, aber hey, raus an die frische Luft! Zur und nach der Coronazeit das gro\u00dfe Gejammer, man w\u00e4re \u201eeingesperrt\u201c gewesen, l\u00e4sst mich vor Lachen nicht in den Schlaf kommen.<\/p>\n\n\n\n<p>Tats\u00e4chlich am\u00fcsant finde ich allerdings einen Spot f\u00fcr Duschgel, welches wohl \u00e4ltere Damen in Lack, Leder und mit Peitsche vor dem Bad lauern l\u00e4sst, weil der Nachbar voller Schaum in der T\u00fcr steht und es abduschen m\u00f6chte \ud83d\ude06 . Und wir wissen: Humor bleibt l\u00e4nger im Kopf, wenn man nicht gerade der Keller-Lacher ist.<\/p>\n\n\n\n<p><strong>In diesem Sinne: <\/strong>auch bei tr\u00fcbem Wetter raus an die frische Luft. Stickig gibts in der Schule zur Gen\u00fcge und Bewegung ist dann auch wieder weniger. Und immerhin ist es nicht so br\u00fctend hei\u00df, dass man Kreislaufkollaps bekommt. Federballspiel raus, Kreide raus, was auch immer. Bewegung und frische Luft sind ges\u00fcnder als Displays aller Art.<\/p>\n<div id=\"wp_fb_like_button\" style=\"margin:5px 0;float:none;height:100px;\"><script src=\"http:\/\/connect.facebook.net\/en_US\/all.js#xfbml=1\"><\/script><fb:like href=\"http:\/\/strubbelmiez.de\/index.php\/ist-es-fruehling-sommer-herbst-zumindest-noch-kein-winter\/\" send=\"true\" layout=\"standard\" width=\"450\" show_faces=\"true\" font=\"arial\" action=\"like\" colorscheme=\"light\"><\/fb:like><\/div>","protected":false},"excerpt":{"rendered":"<p>Himmel, wir haben schon August ! Hatten wir eigentlich schon Sommer? Naja, ein bisschen. Aber sei es drum. So kurz vor Weihnachten, \u2026 *hust\u2026 \ud83d\ude06 . Also, wenn die Trulla hinter der Tastatur nicht schlafen kann, lauscht sie eigentlich die schnulzigsten Liebesromane, weil man da eh nichts verpasst. Oder die kommt wieder auf die bl\u00f6desten &hellip; <a href=\"http:\/\/strubbelmiez.de\/index.php\/ist-es-fruehling-sommer-herbst-zumindest-noch-kein-winter\/\" class=\"more-link\"><span class=\"screen-reader-text\">Ist es Fr\u00fchling,   Sommer , Herbst&#8230;? Zumindest noch kein Winter &#8230;<\/span> weiterlesen <span class=\"meta-nav\">&rarr;<\/span><\/a><\/p>\n","protected":false},"author":1,"featured_media":0,"comment_status":"open","ping_status":"open","sticky":false,"template":"","format":"standard","meta":{"jetpack_post_was_ever_published":false,"_jetpack_newsletter_access":"","_jetpack_dont_email_post_to_subs":false,"_jetpack_newsletter_tier_id":0,"_jetpack_memberships_contains_paywalled_content":false,"_jetpack_memberships_contains_paid_content":false,"footnotes":"","jetpack_publicize_message":"","jetpack_publicize_feature_enabled":true,"jetpack_social_post_already_shared":true,"jetpack_social_options":{"image_generator_settings":{"template":"highway","default_image_id":0,"font":"","enabled":false},"version":2}},"categories":[1],"tags":[],"class_list":["post-3678","post","type-post","status-publish","format-standard","hentry","category-allgemein"],"jetpack_publicize_connections":[],"jetpack_featured_media_url":"","jetpack_sharing_enabled":true,"jetpack_shortlink":"https:\/\/wp.me\/p2ijNL-Xk","jetpack-related-posts":[],"_links":{"self":[{"href":"http:\/\/strubbelmiez.de\/index.php\/wp-json\/wp\/v2\/posts\/3678","targetHints":{"allow":["GET"]}}],"collection":[{"href":"http:\/\/strubbelmiez.de\/index.php\/wp-json\/wp\/v2\/posts"}],"about":[{"href":"http:\/\/strubbelmiez.de\/index.php\/wp-json\/wp\/v2\/types\/post"}],"author":[{"embeddable":true,"href":"http:\/\/strubbelmiez.de\/index.php\/wp-json\/wp\/v2\/users\/1"}],"replies":[{"embeddable":true,"href":"http:\/\/strubbelmiez.de\/index.php\/wp-json\/wp\/v2\/comments?post=3678"}],"version-history":[{"count":1,"href":"http:\/\/strubbelmiez.de\/index.php\/wp-json\/wp\/v2\/posts\/3678\/revisions"}],"predecessor-version":[{"id":3679,"href":"http:\/\/strubbelmiez.de\/index.php\/wp-json\/wp\/v2\/posts\/3678\/revisions\/3679"}],"wp:attachment":[{"href":"http:\/\/strubbelmiez.de\/index.php\/wp-json\/wp\/v2\/media?parent=3678"}],"wp:term":[{"taxonomy":"category","embeddable":true,"href":"http:\/\/strubbelmiez.de\/index.php\/wp-json\/wp\/v2\/categories?post=3678"},{"taxonomy":"post_tag","embeddable":true,"href":"http:\/\/strubbelmiez.de\/index.php\/wp-json\/wp\/v2\/tags?post=3678"}],"curies":[{"name":"wp","href":"https:\/\/api.w.org\/{rel}","templated":true}]}}