{"id":845,"date":"2012-01-30T17:16:46","date_gmt":"2012-01-30T16:16:46","guid":{"rendered":"http:\/\/strubbelmiez.de\/wordpress\/?p=845"},"modified":"2012-01-31T14:02:33","modified_gmt":"2012-01-31T13:02:33","slug":"wir-uben-faschings-tatera-oder-so","status":"publish","type":"post","link":"http:\/\/strubbelmiez.de\/index.php\/wir-uben-faschings-tatera-oder-so\/","title":{"rendered":"Wir \u00fcben Faschings-Tataaaaa (oder so&#8230;)"},"content":{"rendered":"<p>Helau, Ihr Pappnasen  und Pappna(e)sinne\u00b4,<br \/>\nbald kann de\u00b4 Faschingszeit beginne\u00b4<br \/>\nDrum schreibe ich hier auf die Schnelle<br \/>\n\u00b4ne B\u00fctte hin und schmei\u00df &#8222;Kamelle&#8220;.<br \/>\nJetzt fragt sich, ob de\u00b4 Stadt nun stirbt,<br \/>\nwenn\u00b4s fast nur f\u00fcr\u00b4s Kuns(ch)thaus wirbt.<br \/>\nAuch erinnert unser Kultureller leider<br \/>\nan \u201edes Kaisers neue Kleider\u201c.<br \/>\nWoll\u00b4mer nur noch Bilder z\u00e4hle,<br \/>\nbrauch\u00b4mer keinen Neuen w\u00e4hle\u00b4<br \/>\nSetz\u00b4mer lieber and\u00b4re Priorit\u00e4te\u00b4,<br \/>\nbraucht\u00b4s im Rathaus neue Dr\u00e4hte,<br \/>\nHier hab\u00b4 ich stets ein Deja vu,<br \/>\ndas glaubt ein Au\u00dfensteh\u00b4nder nie,<br \/>\ngeht\u00b4s auch zu wie vor \u00fcber 20 Jahren,<br \/>\nwollen\u00b4s viele sogar bewahren.<br \/>\nVerkl\u00e4rt wird hier die Diktatur.<br \/>\nWas rauchen diese Leute nur?<br \/>\nDoch bleib\u00b4 ich hier in dieser Stadt,<br \/>\nda sie doch viel Am\u00fcsantes hat.<br \/>\nBevor ich manchen Tusch verpeile,<br \/>\nder Leser diese selbst verteile. <\/p>\n<p>\ud83d\ude09<\/p>\n<p>(T\u00e4ter\u00e4\u00e4\u2026oder so\u2026)<\/p>\n<div id=\"wp_fb_like_button\" style=\"margin:5px 0;float:none;height:100px;\"><script src=\"http:\/\/connect.facebook.net\/en_US\/all.js#xfbml=1\"><\/script><fb:like href=\"http:\/\/strubbelmiez.de\/index.php\/wir-uben-faschings-tatera-oder-so\/\" send=\"true\" layout=\"standard\" width=\"450\" show_faces=\"true\" font=\"arial\" action=\"like\" colorscheme=\"light\"><\/fb:like><\/div>","protected":false},"excerpt":{"rendered":"<p>Helau, Ihr Pappnasen und Pappna(e)sinne\u00b4, bald kann de\u00b4 Faschingszeit beginne\u00b4 Drum schreibe ich hier auf die Schnelle \u00b4ne B\u00fctte hin und schmei\u00df &#8222;Kamelle&#8220;. Jetzt fragt sich, ob de\u00b4 Stadt nun stirbt, wenn\u00b4s fast nur f\u00fcr\u00b4s Kuns(ch)thaus wirbt. Auch erinnert unser Kultureller leider an \u201edes Kaisers neue Kleider\u201c. Woll\u00b4mer nur noch Bilder z\u00e4hle, brauch\u00b4mer keinen Neuen &hellip; <a href=\"http:\/\/strubbelmiez.de\/index.php\/wir-uben-faschings-tatera-oder-so\/\" class=\"more-link\"><span class=\"screen-reader-text\">Wir \u00fcben Faschings-Tataaaaa (oder so&#8230;)<\/span> weiterlesen <span class=\"meta-nav\">&rarr;<\/span><\/a><\/p>\n","protected":false},"author":1,"featured_media":0,"comment_status":"open","ping_status":"open","sticky":false,"template":"","format":"standard","meta":{"jetpack_post_was_ever_published":false,"_jetpack_newsletter_access":"","_jetpack_dont_email_post_to_subs":false,"_jetpack_newsletter_tier_id":0,"_jetpack_memberships_contains_paywalled_content":false,"_jetpack_memberships_contains_paid_content":false,"footnotes":"","jetpack_publicize_message":"","jetpack_publicize_feature_enabled":true,"jetpack_social_post_already_shared":false,"jetpack_social_options":{"image_generator_settings":{"template":"highway","default_image_id":0,"font":"","enabled":false},"version":2}},"categories":[1],"tags":[],"class_list":["post-845","post","type-post","status-publish","format-standard","hentry","category-allgemein"],"jetpack_publicize_connections":[],"jetpack_featured_media_url":"","jetpack_sharing_enabled":true,"jetpack_shortlink":"https:\/\/wp.me\/p2ijNL-dD","jetpack-related-posts":[],"_links":{"self":[{"href":"http:\/\/strubbelmiez.de\/index.php\/wp-json\/wp\/v2\/posts\/845","targetHints":{"allow":["GET"]}}],"collection":[{"href":"http:\/\/strubbelmiez.de\/index.php\/wp-json\/wp\/v2\/posts"}],"about":[{"href":"http:\/\/strubbelmiez.de\/index.php\/wp-json\/wp\/v2\/types\/post"}],"author":[{"embeddable":true,"href":"http:\/\/strubbelmiez.de\/index.php\/wp-json\/wp\/v2\/users\/1"}],"replies":[{"embeddable":true,"href":"http:\/\/strubbelmiez.de\/index.php\/wp-json\/wp\/v2\/comments?post=845"}],"version-history":[{"count":23,"href":"http:\/\/strubbelmiez.de\/index.php\/wp-json\/wp\/v2\/posts\/845\/revisions"}],"predecessor-version":[{"id":879,"href":"http:\/\/strubbelmiez.de\/index.php\/wp-json\/wp\/v2\/posts\/845\/revisions\/879"}],"wp:attachment":[{"href":"http:\/\/strubbelmiez.de\/index.php\/wp-json\/wp\/v2\/media?parent=845"}],"wp:term":[{"taxonomy":"category","embeddable":true,"href":"http:\/\/strubbelmiez.de\/index.php\/wp-json\/wp\/v2\/categories?post=845"},{"taxonomy":"post_tag","embeddable":true,"href":"http:\/\/strubbelmiez.de\/index.php\/wp-json\/wp\/v2\/tags?post=845"}],"curies":[{"name":"wp","href":"https:\/\/api.w.org\/{rel}","templated":true}]}}